{"id":2307,"date":"2018-02-28T13:24:12","date_gmt":"2018-02-28T13:24:12","guid":{"rendered":"http:\/\/www.stefanieseidl.com\/berlinweeklycom\/?p=2307"},"modified":"2021-06-10T09:03:44","modified_gmt":"2021-06-10T09:03:44","slug":"week-114","status":"publish","type":"post","link":"http:\/\/www.berlin-weekly.com\/?p=2307","title":{"rendered":"Window 114"},"content":{"rendered":"<h2>&nbsp;<\/h2>\n<p><a href=\"http:\/\/www.stefanieseidl.com\/berlinweeklycom\/wp-content\/uploads\/window114_W7A2261-01.jpg\" rel=\"attachment wp-att-2323\" rel=\"lightbox[2307]\"><img loading=\"lazy\" decoding=\"async\" class=\"aligncenter size-medium wp-image-2323\" src=\"http:\/\/www.stefanieseidl.com\/berlinweeklycom\/wp-content\/uploads\/window114_W7A2261-01-500x618.jpg\" alt=\"window114_W7A2261-01\" width=\"500\" height=\"618\" srcset=\"http:\/\/www.berlin-weekly.com\/wp-content\/uploads\/window114_W7A2261-01-500x618.jpg 500w, http:\/\/www.berlin-weekly.com\/wp-content\/uploads\/window114_W7A2261-01-121x150.jpg 121w, http:\/\/www.berlin-weekly.com\/wp-content\/uploads\/window114_W7A2261-01.jpg 710w\" sizes=\"auto, (max-width: 500px) 100vw, 500px\" \/><\/a><\/p>\n<p style=\"font-weight: 400;\"><strong>\u201aSalon of The Comtesse de Bleumanoir\u2019 by <a href=\"http:\/\/www.jyrgen-ueberschaer.com\/\" target=\"_blank\" rel=\"noopener noreferrer\">Jyrgen Uebersch\u00e4r<\/a>&nbsp;<\/strong>(Holzkonstruktion, Beamer, Leuchtstoffr\u00f6hren )<\/p>\n<p style=\"font-weight: 400;\"><a href=\"http:\/\/www.jyrgen-ueberschaer.com\/\" target=\"_blank\" rel=\"noopener noreferrer\">Jyrgen Uebersch\u00e4r<\/a> verbindet fiktive R\u00e4ume, die er selbst konstruiert und in Form von Modellen oder Installationen baut, mit bereits bestehenden, existierenden R\u00e4umen. In seiner Installation \u2019<em>Salon of The Comtesse de Bleumanoir<\/em>&nbsp;\u2019 bei Berlin-Weekly zeigt er eine Sequenz aus dem Film \u2019<em>Secret Beyond the Door<\/em>&nbsp;\u2019&nbsp;von Fritz Lang.&nbsp; Die Projektion des schwarz\/weiss Films wird mit seinem selbst gebauten Raummodell f\u00fcr Berlin-Weekly&nbsp; so kombiniert, dass eine neue Realit\u00e4t entsteht, die optisch nicht zu durchschauen ist. Die Eindeutigkeit des Ortes wird&nbsp; dabei aufgel\u00f6st. Aus verschiedenen&nbsp;Perspektiven, Spiegelungen und Abstraktion entsteht ein neuer Raum, in dem sich der Raum des 1948 gedrehten Films mit der Jetztzeit verbindet. \u201d..wenn die Projektion eines s\/w Filmstills mit einem von mir im Modell gebauten Raum kombiniert wird, so durchdringt dieses wie ein &#8218;Zeitvektor\u2019 die entstandene Arbeit. Die Verbindung dieser Einzelteile \u00fcberbr\u00fcckt schlie\u00dflich eine Distanz von 70Jahren.\u201d Jyrgen \u00dcbersch\u00e4r<\/p>\nngg_shortcode_0_placeholder\n","protected":false},"excerpt":{"rendered":"<p>&nbsp; \u201aSalon of The Comtesse de Bleumanoir\u2019 by Jyrgen Uebersch\u00e4r&nbsp;(Holzkonstruktion, Beamer, Leuchtstoffr\u00f6hren ) Jyrgen Uebersch\u00e4r verbindet fiktive R\u00e4ume, die er selbst konstruiert und in Form von Modellen oder Installationen baut, mit bereits bestehenden, existierenden R\u00e4umen. In seiner Installation \u2019Salon of The Comtesse de Bleumanoir&nbsp;\u2019 bei Berlin-Weekly zeigt er eine Sequenz aus dem Film \u2019Secret Beyond &hellip; <\/p>\n<p class=\"link-more\"><a href=\"http:\/\/www.berlin-weekly.com\/?p=2307\" class=\"more-link\"><span class=\"screen-reader-text\">\u201eWindow 114\u201c<\/span> weiterlesen<\/a><\/p>\n","protected":false},"author":1,"featured_media":0,"comment_status":"closed","ping_status":"closed","sticky":false,"template":"","format":"standard","meta":{"ngg_post_thumbnail":0,"footnotes":""},"categories":[3],"tags":[],"class_list":["post-2307","post","type-post","status-publish","format-standard","hentry","category-weekly-window"],"_links":{"self":[{"href":"http:\/\/www.berlin-weekly.com\/index.php?rest_route=\/wp\/v2\/posts\/2307","targetHints":{"allow":["GET"]}}],"collection":[{"href":"http:\/\/www.berlin-weekly.com\/index.php?rest_route=\/wp\/v2\/posts"}],"about":[{"href":"http:\/\/www.berlin-weekly.com\/index.php?rest_route=\/wp\/v2\/types\/post"}],"author":[{"embeddable":true,"href":"http:\/\/www.berlin-weekly.com\/index.php?rest_route=\/wp\/v2\/users\/1"}],"replies":[{"embeddable":true,"href":"http:\/\/www.berlin-weekly.com\/index.php?rest_route=%2Fwp%2Fv2%2Fcomments&post=2307"}],"version-history":[{"count":6,"href":"http:\/\/www.berlin-weekly.com\/index.php?rest_route=\/wp\/v2\/posts\/2307\/revisions"}],"predecessor-version":[{"id":3306,"href":"http:\/\/www.berlin-weekly.com\/index.php?rest_route=\/wp\/v2\/posts\/2307\/revisions\/3306"}],"wp:attachment":[{"href":"http:\/\/www.berlin-weekly.com\/index.php?rest_route=%2Fwp%2Fv2%2Fmedia&parent=2307"}],"wp:term":[{"taxonomy":"category","embeddable":true,"href":"http:\/\/www.berlin-weekly.com\/index.php?rest_route=%2Fwp%2Fv2%2Fcategories&post=2307"},{"taxonomy":"post_tag","embeddable":true,"href":"http:\/\/www.berlin-weekly.com\/index.php?rest_route=%2Fwp%2Fv2%2Ftags&post=2307"}],"curies":[{"name":"wp","href":"https:\/\/api.w.org\/{rel}","templated":true}]}}