{"id":1931,"date":"2015-08-17T09:16:16","date_gmt":"2015-08-17T09:16:16","guid":{"rendered":"http:\/\/www.stefanieseidl.com\/berlinweeklycom\/?p=1931"},"modified":"2020-03-03T13:43:53","modified_gmt":"2020-03-03T13:43:53","slug":"week-86","status":"publish","type":"post","link":"http:\/\/www.berlin-weekly.com\/?p=1931","title":{"rendered":"Window 86"},"content":{"rendered":"<h2>&nbsp;<\/h2>\n<p><a href=\"http:\/\/www.stefanieseidl.com\/berlinweeklycom\/wp-content\/uploads\/Akt-To-Go12-week86.jpg\" rel=\"lightbox[1931]\"><img loading=\"lazy\" decoding=\"async\" class=\"aligncenter size-medium wp-image-1932\" src=\"http:\/\/www.stefanieseidl.com\/berlinweeklycom\/wp-content\/uploads\/Akt-To-Go12-week86-500x625.jpg\" alt=\"Akt To Go12 week86\" width=\"500\" height=\"625\" srcset=\"http:\/\/www.berlin-weekly.com\/wp-content\/uploads\/Akt-To-Go12-week86-500x625.jpg 500w, http:\/\/www.berlin-weekly.com\/wp-content\/uploads\/Akt-To-Go12-week86-120x150.jpg 120w, http:\/\/www.berlin-weekly.com\/wp-content\/uploads\/Akt-To-Go12-week86.jpg 710w\" sizes=\"auto, (max-width: 500px) 100vw, 500px\" \/><\/a><br \/>\n<strong>AKT TO GO &#8211; Interaktive Aktion von <a href=\"http:\/\/www.stefanieseidl.com\">Stefanie Seidl<\/a><\/strong><\/p>\n<p>Der hohe, beleuchtete Schaufensterraum von Berlin-Weekly kann als eine Art B\u00fchne betrachtet werden, auf der K\u00fcnstler eine Installation f\u00fcr eine breite, \u00d6ffentlichkeit inszenieren k\u00f6nnen. Zu dem diesj\u00e4hrigen Project Space Festival hat berlin-weekly die Schaufenstersituation umgedreht \u2013 der Passant wurde zum K\u00fcnstler die Stra\u00dfe wurde zum Atelier. Ein weibliches und ein m\u00e4nnliches Aktmodell sa\u00dfen f\u00fcr 4 Stunden im Berlin-Weekly Schaufenster und motivierten die Passanten zum Aktzeichen. Vor dem Schaufenster, drau\u00dfen auf der Stra\u00dfe, standen f\u00fcr die Passanten Staffeleien, Zeichenmaterial, Zeichenbl\u00f6cke, Kohle- und Graphitstifte bereit. Schon kurz nach Start der Aktion standen so viele Leute vor Staffeleien oder sa\u00dfen vor dem Schaufenster mit einem Zeichenblock auf den Knien, dass die Linienstrasse dicht war. Jeder, der vorbei ging, war eingeladen mit zu machen. Einige gezielt eingeladen K\u00fcnstler kamen um sich zu beteiligen, doch die meisten waren zuf\u00e4llig vorbei kommende Passanten, die h\u00f6chst konzentriert die beiden Modelle zeichneten, und damit die Stra\u00dfe zum Atelier und sich selbst zum K\u00fcnstler machten.<br \/>\nBERLIN WEEKLY&#8217;s high show-window room can be seen as a stage for artists to present their installations to a widely ranged audience. For this year&#8217;s &#8218;Project Space Festival&#8216;, the classic form of a &#8217;show-window&#8216; has been turned on it&#8217;s head. Two nude models sat behind the window allowing the pedestrians to be the artists and the street to be their workshop. Anyone who felt like it, could help themselve to the provided drawing-equipment, sit in front of the window and sketch. Several artists who have previously exhibited their work here also participated. Konzept by <a href=\"http:\/\/www.stefanieseidl.com\" target=\"_blank\" rel=\"noopener\">stefanie seidl.<\/a><br \/>\nngg_shortcode_0_placeholder<\/p>\n","protected":false},"excerpt":{"rendered":"<p>&nbsp; AKT TO GO &#8211; Interaktive Aktion von Stefanie Seidl Der hohe, beleuchtete Schaufensterraum von Berlin-Weekly kann als eine Art B\u00fchne betrachtet werden, auf der K\u00fcnstler eine Installation f\u00fcr eine breite, \u00d6ffentlichkeit inszenieren k\u00f6nnen. Zu dem diesj\u00e4hrigen Project Space Festival hat berlin-weekly die Schaufenstersituation umgedreht \u2013 der Passant wurde zum K\u00fcnstler die Stra\u00dfe wurde zum &hellip; <\/p>\n<p class=\"link-more\"><a href=\"http:\/\/www.berlin-weekly.com\/?p=1931\" class=\"more-link\"><span class=\"screen-reader-text\">\u201eWindow 86\u201c<\/span> weiterlesen<\/a><\/p>\n","protected":false},"author":1,"featured_media":0,"comment_status":"closed","ping_status":"closed","sticky":false,"template":"","format":"standard","meta":{"ngg_post_thumbnail":0,"footnotes":""},"categories":[3],"tags":[],"class_list":["post-1931","post","type-post","status-publish","format-standard","hentry","category-weekly-window"],"_links":{"self":[{"href":"http:\/\/www.berlin-weekly.com\/index.php?rest_route=\/wp\/v2\/posts\/1931","targetHints":{"allow":["GET"]}}],"collection":[{"href":"http:\/\/www.berlin-weekly.com\/index.php?rest_route=\/wp\/v2\/posts"}],"about":[{"href":"http:\/\/www.berlin-weekly.com\/index.php?rest_route=\/wp\/v2\/types\/post"}],"author":[{"embeddable":true,"href":"http:\/\/www.berlin-weekly.com\/index.php?rest_route=\/wp\/v2\/users\/1"}],"replies":[{"embeddable":true,"href":"http:\/\/www.berlin-weekly.com\/index.php?rest_route=%2Fwp%2Fv2%2Fcomments&post=1931"}],"version-history":[{"count":5,"href":"http:\/\/www.berlin-weekly.com\/index.php?rest_route=\/wp\/v2\/posts\/1931\/revisions"}],"predecessor-version":[{"id":2847,"href":"http:\/\/www.berlin-weekly.com\/index.php?rest_route=\/wp\/v2\/posts\/1931\/revisions\/2847"}],"wp:attachment":[{"href":"http:\/\/www.berlin-weekly.com\/index.php?rest_route=%2Fwp%2Fv2%2Fmedia&parent=1931"}],"wp:term":[{"taxonomy":"category","embeddable":true,"href":"http:\/\/www.berlin-weekly.com\/index.php?rest_route=%2Fwp%2Fv2%2Fcategories&post=1931"},{"taxonomy":"post_tag","embeddable":true,"href":"http:\/\/www.berlin-weekly.com\/index.php?rest_route=%2Fwp%2Fv2%2Ftags&post=1931"}],"curies":[{"name":"wp","href":"https:\/\/api.w.org\/{rel}","templated":true}]}}