{"id":1647,"date":"2013-11-22T13:04:53","date_gmt":"2013-11-22T13:04:53","guid":{"rendered":"http:\/\/www.stefanieseidl.com\/berlinweeklycom\/?p=1647"},"modified":"2020-03-03T13:49:39","modified_gmt":"2020-03-03T13:49:39","slug":"week-65","status":"publish","type":"post","link":"http:\/\/www.berlin-weekly.com\/?p=1647","title":{"rendered":"Window 65"},"content":{"rendered":"<h2>&nbsp;<\/h2>\n<p><a href=\"http:\/\/www.stefanieseidl.com\/berlinweeklycom\/wp-content\/uploads\/window65kl.jpg\" rel=\"lightbox[1647]\"><img loading=\"lazy\" decoding=\"async\" class=\"aligncenter size-medium wp-image-1648\" title=\"window65kl\" src=\"http:\/\/www.stefanieseidl.com\/berlinweeklycom\/wp-content\/uploads\/window65kl-500x631.jpg\" alt=\"\" width=\"500\" height=\"631\" srcset=\"http:\/\/www.berlin-weekly.com\/wp-content\/uploads\/window65kl-500x631.jpg 500w, http:\/\/www.berlin-weekly.com\/wp-content\/uploads\/window65kl-118x150.jpg 118w, http:\/\/www.berlin-weekly.com\/wp-content\/uploads\/window65kl.jpg 710w\" sizes=\"auto, (max-width: 500px) 100vw, 500px\" \/><\/a><\/p>\n<p><strong>The &#8218;Fugitive Room&#8216; by Nessrine Fargal, Angelique Kuenzle, Valentine Maeder, Cecile-Diama Samb<\/strong><br \/>\nA project by students of space design of the Geneva University of art and design. Guest professors: Pierre Jorge Gonzalez, Judith Haase <a href=\"http:\/\/www.gonzalezhaase.com\">www.gonzalezhaase.com<\/a><\/p>\n<p>Der Ausgangspunkt diese Projekts von Studenten der Geneva University of Art and Design war den Raum mittels eines Objekts selbst auszustellen. Berlin-Weekly pr\u00e4sentiert sich immer frontal aus dem selben Blickwinkel von der Stra\u00dfe aus gesehen. Der vertikale Rahmen des hohen Galeriefensters \u00fcberlagert den Ausstellungsraum wie ein festes Raster. Bewegung , Blickwinkel und Licht sind die Hauptthemen, die den Raum verk\u00f6rpern sollen. Die Verl\u00e4ngerung des pr\u00e4gnanten schablonenhaften Fensterrahmens mittels seinen eigenen Schattens stellt eine Verbindung des statischen Rahmens mit dem Ausstellungsraum her. Der Schatten, der sich bewegt wird hier zu einem physischen, realen Objekt.<\/p>\n<p>The starting point of this project is to exhibit the space itself by designing a conceptual object. Berlin-Weekly presents itself always from the same point of view seen from the street. Therefore the outside vision of the gallery always stays the same. Moreover, the vertical frame of the gallery\u2019s high window front superimposes itself repetitively on the exhibition space. Movement, point of view and light are the principal themes that conducted this project. The prolongation of the frame via its own shadow reconnects to the frame\u2019s staticity within the exhibition space. The shadow that moves becomes a physical and imposing object.<\/p>\nngg_shortcode_0_placeholder\n","protected":false},"excerpt":{"rendered":"<p>&nbsp; The &#8218;Fugitive Room&#8216; by Nessrine Fargal, Angelique Kuenzle, Valentine Maeder, Cecile-Diama Samb A project by students of space design of the Geneva University of art and design. Guest professors: Pierre Jorge Gonzalez, Judith Haase www.gonzalezhaase.com Der Ausgangspunkt diese Projekts von Studenten der Geneva University of Art and Design war den Raum mittels eines Objekts &hellip; <\/p>\n<p class=\"link-more\"><a href=\"http:\/\/www.berlin-weekly.com\/?p=1647\" class=\"more-link\"><span class=\"screen-reader-text\">\u201eWindow 65\u201c<\/span> weiterlesen<\/a><\/p>\n","protected":false},"author":1,"featured_media":0,"comment_status":"closed","ping_status":"closed","sticky":false,"template":"","format":"standard","meta":{"ngg_post_thumbnail":0,"footnotes":""},"categories":[3],"tags":[],"class_list":["post-1647","post","type-post","status-publish","format-standard","hentry","category-weekly-window"],"_links":{"self":[{"href":"http:\/\/www.berlin-weekly.com\/index.php?rest_route=\/wp\/v2\/posts\/1647","targetHints":{"allow":["GET"]}}],"collection":[{"href":"http:\/\/www.berlin-weekly.com\/index.php?rest_route=\/wp\/v2\/posts"}],"about":[{"href":"http:\/\/www.berlin-weekly.com\/index.php?rest_route=\/wp\/v2\/types\/post"}],"author":[{"embeddable":true,"href":"http:\/\/www.berlin-weekly.com\/index.php?rest_route=\/wp\/v2\/users\/1"}],"replies":[{"embeddable":true,"href":"http:\/\/www.berlin-weekly.com\/index.php?rest_route=%2Fwp%2Fv2%2Fcomments&post=1647"}],"version-history":[{"count":5,"href":"http:\/\/www.berlin-weekly.com\/index.php?rest_route=\/wp\/v2\/posts\/1647\/revisions"}],"predecessor-version":[{"id":2869,"href":"http:\/\/www.berlin-weekly.com\/index.php?rest_route=\/wp\/v2\/posts\/1647\/revisions\/2869"}],"wp:attachment":[{"href":"http:\/\/www.berlin-weekly.com\/index.php?rest_route=%2Fwp%2Fv2%2Fmedia&parent=1647"}],"wp:term":[{"taxonomy":"category","embeddable":true,"href":"http:\/\/www.berlin-weekly.com\/index.php?rest_route=%2Fwp%2Fv2%2Fcategories&post=1647"},{"taxonomy":"post_tag","embeddable":true,"href":"http:\/\/www.berlin-weekly.com\/index.php?rest_route=%2Fwp%2Fv2%2Ftags&post=1647"}],"curies":[{"name":"wp","href":"https:\/\/api.w.org\/{rel}","templated":true}]}}